{"id":19055,"date":"2026-03-24T07:00:43","date_gmt":"2026-03-24T07:00:43","guid":{"rendered":"https:\/\/library.udel.edu\/news\/?p=19055"},"modified":"2026-04-08T16:33:18","modified_gmt":"2026-04-08T16:33:18","slug":"french-history-pamphlet","status":"publish","type":"post","link":"https:\/\/library.udel.edu\/news\/2026\/03\/24\/french-history-pamphlet\/","title":{"rendered":"\u201cLibert\u00e9, \u00e9galit\u00e9, fraternit\u00e9\u201d - French History in Pamphlet Form"},"content":{"rendered":"<p><em><span style=\"font-weight: 400;\">By Zara Strauss, Digital Collections and Preservation<\/span><\/em><\/p>\n<p>&nbsp;<\/p>\n<p><span style=\"font-weight: 400;\">In addition to the many fascinating histories of local Delawareans, the University of Delaware\u2019s Special Collections maintains a focus on collecting interesting and unique historical collections that document European history since the 16<\/span><span style=\"font-weight: 400;\">th<\/span><span style=\"font-weight: 400;\"> century. Two collections encapsulate this interest well: The <\/span><a href=\"https:\/\/digitalcollections.udel.edu\/collections\/tober-french-revolutionary-pamphlets\" target=\"_blank\" rel=\"noopener\"><span style=\"font-weight: 400;\">Frank W. Tober collection of French Revolutionary-era song sheets and pamphlets<\/span><\/a><span style=\"font-weight: 400;\"> and the <\/span><a href=\"https:\/\/library.udel.edu\/static\/purl.php?mss0999\" target=\"_blank\" rel=\"noopener\"><span style=\"font-weight: 400;\">French Revolutionary Era Pamphlets<\/span><\/a><span style=\"font-weight: 400;\">.<\/span><\/p>\n<p><span style=\"font-weight: 400;\">The Tober French Revolution pamphlets and song sheets represent a unique portion of a larger collection brought to the University of Delaware\u2019s Library by Frank Tober. Frank W. Tober was a chemist with the Du Pont Company and collected a wide range of material, many of which are now under the care of the University\u2019s Special Collections. This specific collection has song sheets and pamphlets relating to the political situation in France during the revolutionary period.\u00a0<\/span><\/p>\n<p><span style=\"font-weight: 400;\">One interesting song sheet out of this collection is a unique take on &#8220;\u00c7a ira,\u201d French for \u201cit\u2019ll be fine,\u201d and the name of an emblematic song of the French Revolution. While it features different lyrics, its call for revolution is the same.<\/span><\/p>\n<div class=\"mceTemp\"><\/div>\n<p>&nbsp;<\/p>\n<div id=\"attachment_19056\" style=\"width: 658px\" class=\"wp-caption aligncenter\"><img loading=\"lazy\" decoding=\"async\" aria-describedby=\"caption-attachment-19056\" class=\"wp-image-19056 size-full\" src=\"https:\/\/library.udel.edu\/news\/wp-content\/uploads\/sites\/33\/2026\/03\/April2026_CuratedCollection_IMG1_Wordpress-Flex-Image-324x213-1.jpg\" alt=\"\u00c9trennes \u00e0 tous les tyrans et aristocrates de l'univers, pour le 1er jour de l'an 3me de la libert\u00e9. [The first in the firing line of all the tyrants and aristocrats in the universe, for the first day of the third year of liberty.] Box: 1, Folder: 1. MSS 0473.\" width=\"648\" height=\"426\" srcset=\"https:\/\/library.udel.edu\/news\/wp-content\/uploads\/sites\/33\/2026\/03\/April2026_CuratedCollection_IMG1_Wordpress-Flex-Image-324x213-1.jpg 648w, https:\/\/library.udel.edu\/news\/wp-content\/uploads\/sites\/33\/2026\/03\/April2026_CuratedCollection_IMG1_Wordpress-Flex-Image-324x213-1-300x197.jpg 300w, https:\/\/library.udel.edu\/news\/wp-content\/uploads\/sites\/33\/2026\/03\/April2026_CuratedCollection_IMG1_Wordpress-Flex-Image-324x213-1-640x421.jpg 640w, https:\/\/library.udel.edu\/news\/wp-content\/uploads\/sites\/33\/2026\/03\/April2026_CuratedCollection_IMG1_Wordpress-Flex-Image-324x213-1-480x316.jpg 480w, https:\/\/library.udel.edu\/news\/wp-content\/uploads\/sites\/33\/2026\/03\/April2026_CuratedCollection_IMG1_Wordpress-Flex-Image-324x213-1-380x250.jpg 380w, https:\/\/library.udel.edu\/news\/wp-content\/uploads\/sites\/33\/2026\/03\/April2026_CuratedCollection_IMG1_Wordpress-Flex-Image-324x213-1-160x105.jpg 160w, https:\/\/library.udel.edu\/news\/wp-content\/uploads\/sites\/33\/2026\/03\/April2026_CuratedCollection_IMG1_Wordpress-Flex-Image-324x213-1-240x158.jpg 240w, https:\/\/library.udel.edu\/news\/wp-content\/uploads\/sites\/33\/2026\/03\/April2026_CuratedCollection_IMG1_Wordpress-Flex-Image-324x213-1-365x240.jpg 365w, https:\/\/library.udel.edu\/news\/wp-content\/uploads\/sites\/33\/2026\/03\/April2026_CuratedCollection_IMG1_Wordpress-Flex-Image-324x213-1-570x375.jpg 570w\" sizes=\"auto, (max-width: 648px) 100vw, 648px\" \/><p id=\"caption-attachment-19056\" class=\"wp-caption-text\">\u00c9trennes \u00e0 tous les tyrans et aristocrates de l&#8217;univers, pour le 1er jour de l&#8217;an 3me de la libert\u00e9. [The first in the firing line of all the tyrants and aristocrats in the universe, for the first day of the third year of liberty.] Box: 1, Folder: 1. MSS 0473.<\/p><\/div>\n<p>&nbsp;<\/p>\n<p style=\"text-align: center;\"><span style=\"font-weight: 400;\">A rough translation is as follows:<\/span><span style=\"font-weight: 400;\"><br \/>\n<\/span><i><span style=\"font-weight: 400;\">\u201cHow this refrain sets your pace!<\/span><\/i><\/p>\n<p style=\"text-align: center;\"><i><span style=\"font-weight: 400;\">Ah! It will be fine, it will be fine, it will be fine:<\/span><\/i><\/p>\n<p style=\"text-align: center;\"><i><span style=\"font-weight: 400;\">Mock the scoundrel who does not love it.<\/span><\/i><\/p>\n<p style=\"text-align: center;\"><i><span style=\"font-weight: 400;\">One day, it will travel the world, magnetizing all men.<\/span><\/i><\/p>\n<p style=\"text-align: center;\"><i><span style=\"font-weight: 400;\">Mock the scoundrel who does not love it.<\/span><\/i><\/p>\n<p style=\"text-align: center;\"><i><span style=\"font-weight: 400;\">As soon as a tyrant hears it,<\/span><\/i><\/p>\n<p style=\"text-align: center;\"><i><span style=\"font-weight: 400;\">his throne will crumble beneath him;<\/span><\/i><\/p>\n<p style=\"text-align: center;\"><i><span style=\"font-weight: 400;\">and then his people, dancing,<\/span><\/i><\/p>\n<p style=\"text-align: center;\"><i><span style=\"font-weight: 400;\">will repeat with the French:\u00a0<\/span><\/i><\/p>\n<p style=\"text-align: center;\"><i><span style=\"font-weight: 400;\">\u00a0Ah! It will be fine, etc!\u201d<\/span><\/i><\/p>\n<p>&nbsp;<\/p>\n<p><span style=\"font-weight: 400;\">Similar to the Tober collection, the French Revolutionary Pamphlets collection represents this tumultuous time in French history. This collection is a vivid inside look into the triumphs, struggles and everyday life of people living through turbulent times of great political change.\u00a0<\/span><\/p>\n<p><span style=\"font-weight: 400;\">The pamphlets document significant periods, events and administrations in French history such as the meetings of the National Assembly (1789), the reform decrees of Louis XVI (1789-91), the Constituent Assembly laws (1790-92), the Thermidorian Reaction (1794-95) and even briefly, Napoleon (1795-1818).\u00a0\u00a0<\/span><\/p>\n<p><span style=\"font-weight: 400;\">Any French history buff will recognize some of the names attributed to these pamphlets regardless of their French language skills, such as King Louis XVI himself, with many of his declarations and royal decrees relating to the government being featured.\u00a0<\/span><\/p>\n<p>&nbsp;<\/p>\n<p><span style=\"font-weight: 400;\">For example, Louis XVI\u2019s declaration that he has accepted the National Constituent Assembly\u2019s constitution:<\/span><\/p>\n<div class=\"mceTemp\"><\/div>\n<p>&nbsp;<\/p>\n<div id=\"attachment_19057\" style=\"width: 510px\" class=\"wp-caption aligncenter\"><img loading=\"lazy\" decoding=\"async\" aria-describedby=\"caption-attachment-19057\" class=\"wp-image-19057 size-full\" src=\"https:\/\/library.udel.edu\/news\/wp-content\/uploads\/sites\/33\/2026\/03\/April2026_CuratedCollection_IMG2_Wordpress_InsertImage_310x419.jpg\" alt=\"Louis XVI. Lettre du Roi, port\u00e9e \u00e0 l'Assembl\u00e9e nationale par le ministre de la justice, le 13 septembre 1791, contenant l'acceptation expresse de la Constitution fran\u00e7aise, Suivie de la Lettre adress\u00e9e par le ministre de l'Int\u00e9rieur aux administrateurs du directoire du D\u00e9partement du Jura, imprim\u00e9e en ex\u00e9cution d'arr\u00eat\u00e9 du Directoire, du 17 Septembre 1791. Lon-le-Saunier: Imprimerie de Claude-Andr\u00e9 Delhorme, 1791. Box: 3, folder: 128. MSS 0999.\" width=\"500\" height=\"676\" srcset=\"https:\/\/library.udel.edu\/news\/wp-content\/uploads\/sites\/33\/2026\/03\/April2026_CuratedCollection_IMG2_Wordpress_InsertImage_310x419.jpg 500w, https:\/\/library.udel.edu\/news\/wp-content\/uploads\/sites\/33\/2026\/03\/April2026_CuratedCollection_IMG2_Wordpress_InsertImage_310x419-222x300.jpg 222w, https:\/\/library.udel.edu\/news\/wp-content\/uploads\/sites\/33\/2026\/03\/April2026_CuratedCollection_IMG2_Wordpress_InsertImage_310x419-480x649.jpg 480w, https:\/\/library.udel.edu\/news\/wp-content\/uploads\/sites\/33\/2026\/03\/April2026_CuratedCollection_IMG2_Wordpress_InsertImage_310x419-380x514.jpg 380w, https:\/\/library.udel.edu\/news\/wp-content\/uploads\/sites\/33\/2026\/03\/April2026_CuratedCollection_IMG2_Wordpress_InsertImage_310x419-160x216.jpg 160w, https:\/\/library.udel.edu\/news\/wp-content\/uploads\/sites\/33\/2026\/03\/April2026_CuratedCollection_IMG2_Wordpress_InsertImage_310x419-240x324.jpg 240w, https:\/\/library.udel.edu\/news\/wp-content\/uploads\/sites\/33\/2026\/03\/April2026_CuratedCollection_IMG2_Wordpress_InsertImage_310x419-365x493.jpg 365w\" sizes=\"auto, (max-width: 500px) 100vw, 500px\" \/><p id=\"caption-attachment-19057\" class=\"wp-caption-text\">Louis XVI. Lettre du Roi, port\u00e9e \u00e0 l&#8217;Assembl\u00e9e nationale par le ministre de la justice, le 13 septembre 1791, contenant l&#8217;acceptation expresse de la Constitution fran\u00e7aise, Suivie de la Lettre adress\u00e9e par le ministre de l&#8217;Int\u00e9rieur aux administrateurs du directoire du D\u00e9partement du Jura, imprim\u00e9e en ex\u00e9cution d&#8217;arr\u00eat\u00e9 du Directoire, du 17 Septembre 1791. Lon-le-Saunier: Imprimerie de Claude-Andr\u00e9 Delhorme, 1791. Box: 3, folder: 128. MSS 0999.<\/p><\/div>\n<p>&nbsp;<\/p>\n<p><span style=\"font-weight: 400;\">While it gives off sincerity and a sense that he was pleased to accept the constitution, Louis XVI was more or less forced to sign this, and did so only after he was made to return to Paris after attempting to escape civil unrest with his wife, Marie Antoinette, and their children only a few months prior. This event sparked further public outrage and was even expected by some. By accepting this constitution, Louis XVI was allowed to remain king, but at the cost of a majority of his powers as a monarch.\u00a0<\/span><\/p>\n<p><span style=\"font-weight: 400;\">Another interesting pamphlet is one that helps set the stage for revolution. This pamphlet analyzes the ideal principles regarding the rights of man in society and how the constitution is meant to protect their rights.<\/span><\/p>\n<p>&nbsp;<\/p>\n<div id=\"attachment_19058\" style=\"width: 510px\" class=\"wp-caption aligncenter\"><img loading=\"lazy\" decoding=\"async\" aria-describedby=\"caption-attachment-19058\" class=\"wp-image-19058 size-full\" src=\"https:\/\/library.udel.edu\/news\/wp-content\/uploads\/sites\/33\/2026\/03\/April2026_CuratedCollection_IMG3_Wordpress_InsertImage_310x419.jpg\" alt=\"Thouret, Jacques-Guillaume. Analyse des id\u00e9es principales sur la reconnaissance des droits de l'homme en soci\u00e9t\u00e9, &amp; sur les bases de la Constitution. \u00c9dit\u00e9 par M. Thouret. Paris ; Versailles: Chez Baudouin, imprimeur de l'Assembl\u00e9e Nationale, 1789. Box: 1, Folder: 26. MSS 0999.\" width=\"500\" height=\"676\" srcset=\"https:\/\/library.udel.edu\/news\/wp-content\/uploads\/sites\/33\/2026\/03\/April2026_CuratedCollection_IMG3_Wordpress_InsertImage_310x419.jpg 500w, https:\/\/library.udel.edu\/news\/wp-content\/uploads\/sites\/33\/2026\/03\/April2026_CuratedCollection_IMG3_Wordpress_InsertImage_310x419-222x300.jpg 222w, https:\/\/library.udel.edu\/news\/wp-content\/uploads\/sites\/33\/2026\/03\/April2026_CuratedCollection_IMG3_Wordpress_InsertImage_310x419-480x649.jpg 480w, https:\/\/library.udel.edu\/news\/wp-content\/uploads\/sites\/33\/2026\/03\/April2026_CuratedCollection_IMG3_Wordpress_InsertImage_310x419-380x514.jpg 380w, https:\/\/library.udel.edu\/news\/wp-content\/uploads\/sites\/33\/2026\/03\/April2026_CuratedCollection_IMG3_Wordpress_InsertImage_310x419-160x216.jpg 160w, https:\/\/library.udel.edu\/news\/wp-content\/uploads\/sites\/33\/2026\/03\/April2026_CuratedCollection_IMG3_Wordpress_InsertImage_310x419-240x324.jpg 240w, https:\/\/library.udel.edu\/news\/wp-content\/uploads\/sites\/33\/2026\/03\/April2026_CuratedCollection_IMG3_Wordpress_InsertImage_310x419-365x493.jpg 365w\" sizes=\"auto, (max-width: 500px) 100vw, 500px\" \/><p id=\"caption-attachment-19058\" class=\"wp-caption-text\">Thouret, Jacques-Guillaume. Analyse des id\u00e9es principales sur la reconnaissance des droits de l&#8217;homme en soci\u00e9t\u00e9, &amp; sur les bases de la Constitution. \u00c9dit\u00e9 par M. Thouret. Paris ; Versailles: Chez Baudouin, imprimeur de l&#8217;Assembl\u00e9e Nationale, 1789. Box: 1, Folder: 26. MSS 0999.<\/p><\/div>\n<p>&nbsp;<\/p>\n<p><i><span style=\"font-weight: 400;\">\u00a0<\/span><\/i><span style=\"font-weight: 400;\">Published in 1789 and written by National Constituent Assembly member Jacques-Guillaume Thouret, it gives us an idea of what the concerns of the people of France were at the time. It reflects the intentions of the Assembly, as well as the popularity of their \u201cDeclaration of the Rights of Man and of the Citizen\u201d which laid out essential human and civil rights. French people who had long been oppressed under the absolute monarchy, or the <\/span><i><span style=\"font-weight: 400;\">Ancien R\u00e9gime<\/span><\/i><span style=\"font-weight: 400;\">, were able to see exactly what basic rights they were owed and think about precisely what they were missing under the King. The relationship between subject and monarch was one without equal give and take, but the ideas highlighted in this pamphlet portrayed a way of life where a citizen provides for the state in return the state provides for its citizens.<\/span><\/p>\n<p><span style=\"font-weight: 400;\">With over a thousand pamphlets to scan and upload into the <\/span><a href=\"https:\/\/digitalcollections.udel.edu\/\" target=\"_blank\" rel=\"noopener\"><span style=\"font-weight: 400;\">University of Delaware\u2019s Digital Collections<\/span><\/a><span style=\"font-weight: 400;\"> in AM Quartex, more is to be uncovered about this exciting time in French history. <\/span><\/p>\n<p>&nbsp;<\/p>\n","protected":false},"excerpt":{"rendered":"<p>By Zara Strauss, Digital Collections and Preservation &nbsp; In addition to the many fascinating histories of local Delawareans, the University of Delaware\u2019s Special Collections maintains a focus on collecting interesting and unique historical collections that document European history since the &#8230;<\/p>\n","protected":false},"author":180,"featured_media":19060,"comment_status":"closed","ping_status":"closed","sticky":false,"template":"","format":"standard","meta":{"_acf_changed":false,"footnotes":"","_links_to":"","_links_to_target":""},"categories":[12,4],"tags":[],"class_list":["post-19055","post","type-post","status-publish","format-standard","has-post-thumbnail","hentry","category-digital-collections","category-news"],"acf":[],"publishpress_future_action":{"enabled":false,"date":"2026-05-07 00:18:48","action":"change-status","newStatus":"draft","terms":[],"taxonomy":"category","extraData":[]},"publishpress_future_workflow_manual_trigger":{"enabledWorkflows":[]},"_links":{"self":[{"href":"https:\/\/library.udel.edu\/news\/wp-json\/wp\/v2\/posts\/19055","targetHints":{"allow":["GET"]}}],"collection":[{"href":"https:\/\/library.udel.edu\/news\/wp-json\/wp\/v2\/posts"}],"about":[{"href":"https:\/\/library.udel.edu\/news\/wp-json\/wp\/v2\/types\/post"}],"author":[{"embeddable":true,"href":"https:\/\/library.udel.edu\/news\/wp-json\/wp\/v2\/users\/180"}],"replies":[{"embeddable":true,"href":"https:\/\/library.udel.edu\/news\/wp-json\/wp\/v2\/comments?post=19055"}],"version-history":[{"count":6,"href":"https:\/\/library.udel.edu\/news\/wp-json\/wp\/v2\/posts\/19055\/revisions"}],"predecessor-version":[{"id":19074,"href":"https:\/\/library.udel.edu\/news\/wp-json\/wp\/v2\/posts\/19055\/revisions\/19074"}],"wp:featuredmedia":[{"embeddable":true,"href":"https:\/\/library.udel.edu\/news\/wp-json\/wp\/v2\/media\/19060"}],"wp:attachment":[{"href":"https:\/\/library.udel.edu\/news\/wp-json\/wp\/v2\/media?parent=19055"}],"wp:term":[{"taxonomy":"category","embeddable":true,"href":"https:\/\/library.udel.edu\/news\/wp-json\/wp\/v2\/categories?post=19055"},{"taxonomy":"post_tag","embeddable":true,"href":"https:\/\/library.udel.edu\/news\/wp-json\/wp\/v2\/tags?post=19055"}],"curies":[{"name":"wp","href":"https:\/\/api.w.org\/{rel}","templated":true}]}}